 
{"id":9846,"date":"2024-12-12T17:44:47","date_gmt":"2024-12-12T21:44:47","guid":{"rendered":"http:\/\/www.defensoria.gob.ve\/?p=9846"},"modified":"2024-12-12T17:45:19","modified_gmt":"2024-12-12T21:45:19","slug":"delegada-de-tachira-dicta-charla-sobre-derechos-humanos-y-prevencion-de-la-corrupcion","status":"publish","type":"post","link":"http:\/\/www.defensoria.gob.ve\/?p=9846","title":{"rendered":"Delegada de T\u00e1chira dicta charla sobre \u201cDerechos Humanos y Prevenci\u00f3n de la Corrupci\u00f3n\u201d"},"content":{"rendered":"\t\t<div data-elementor-type=\"wp-post\" data-elementor-id=\"9846\" class=\"elementor elementor-9846\">\n\t\t\t\t\t\t<section class=\"elementor-section elementor-top-section elementor-element elementor-element-25e1456f elementor-section-boxed elementor-section-height-default elementor-section-height-default\" data-id=\"25e1456f\" data-element_type=\"section\" data-e-type=\"section\">\n\t\t\t\t\t\t<div class=\"elementor-container elementor-column-gap-default\">\n\t\t\t\t\t<div class=\"elementor-column elementor-col-100 elementor-top-column elementor-element elementor-element-451443ab\" data-id=\"451443ab\" data-element_type=\"column\" data-e-type=\"column\">\n\t\t\t<div class=\"elementor-widget-wrap elementor-element-populated\">\n\t\t\t\t\t\t<div class=\"elementor-element elementor-element-71b8b943 elementor-widget elementor-widget-text-editor\" data-id=\"71b8b943\" data-element_type=\"widget\" data-e-type=\"widget\" data-widget_type=\"text-editor.default\">\n\t\t\t\t<div class=\"elementor-widget-container\">\n\t\t\t\t\t\t\t\t\t\n<p><strong>(T\u00e1chira\/12-Dic-24)<\/strong> La Defensor\u00eda Municipal Bol\u00edvar del estado T\u00e1chira dict\u00f3 una charla sobre \u201cDerechos Humanos y la Prevenci\u00f3n de Corrupci\u00f3n\u201d en la conmemoraci\u00f3n al D\u00eda Internacional contra la Corrupci\u00f3n, dirigida a 51 funcionarios de diversas instituciones militares, policiales y poblaci\u00f3n en general.<\/p>\n\n\n\n<figure class=\"wp-block-image size-full\"><img fetchpriority=\"high\" decoding=\"async\" width=\"803\" height=\"575\" src=\"http:\/\/www.defensoria.gob.ve\/wp-content\/uploads\/2024\/12\/Screenshot_2-1.png\" alt=\"\" class=\"wp-image-9847\" srcset=\"http:\/\/www.defensoria.gob.ve\/wp-content\/uploads\/2024\/12\/Screenshot_2-1.png 803w, http:\/\/www.defensoria.gob.ve\/wp-content\/uploads\/2024\/12\/Screenshot_2-1-300x215.png 300w, http:\/\/www.defensoria.gob.ve\/wp-content\/uploads\/2024\/12\/Screenshot_2-1-768x550.png 768w\" sizes=\"(max-width: 803px) 100vw, 803px\" \/><\/figure>\n\n\n\n<p>En la actividad formativa participaron el Defensor Municipal, Ciro Carpio; Euripedes Gonz\u00e1lez, Contralor Interino Municipal, el Dr. Clodovaldo Barajas de la Cruz de la Fiscal\u00eda del Ministerio P\u00fablico.<\/p>\n\n\n\n<p>Este evento se llev\u00f3 a cabo en las instalaciones de la Defensor\u00eda Municipal Bol\u00edvra, ubicada en San Antonio del T\u00e1chira, con la participaci\u00f3n de diversas instituciones p\u00fablicas que incluy\u00f3 a militares, agentes policiales y p\u00fablico en general. <strong>FIN \/ PRENSA Defensor\u00eda<\/strong><\/p>\n\t\t\t\t\t\t\t\t<\/div>\n\t\t\t\t<\/div>\n\t\t\t\t\t<\/div>\n\t\t<\/div>\n\t\t\t\t\t<\/div>\n\t\t<\/section>\n\t\t\t\t<\/div>\n\t\t","protected":false},"excerpt":{"rendered":"<p>(T\u00e1chira\/12-Dic-24) La Defensor\u00eda Municipal Bol\u00edvar del estado T\u00e1chira dict\u00f3 una charla sobre \u201cDerechos Humanos y la Prevenci\u00f3n de Corrupci\u00f3n\u201d en la conmemoraci\u00f3n al D\u00eda Internacional contra la Corrupci\u00f3n, dirigida a&hellip; <\/p>\n","protected":false},"author":5,"featured_media":9848,"comment_status":"open","ping_status":"open","sticky":false,"template":"","format":"standard","meta":{"footnotes":""},"categories":[5],"tags":[],"class_list":["post-9846","post","type-post","status-publish","format-standard","has-post-thumbnail","hentry","category-regionales"],"yoast_head":"<!-- This site is optimized with the Yoast SEO plugin v27.4 - https:\/\/yoast.com\/product\/yoast-seo-wordpress\/ -->\n<title>Delegada de T\u00e1chira dicta charla sobre \u201cDerechos Humanos y Prevenci\u00f3n de la Corrupci\u00f3n\u201d -<\/title>\n<meta name=\"robots\" content=\"index, follow, max-snippet:-1, max-image-preview:large, max-video-preview:-1\" \/>\n<link rel=\"canonical\" href=\"http:\/\/www.defensoria.gob.ve\/?p=9846\" \/>\n<meta property=\"og:locale\" content=\"es_ES\" \/>\n<meta property=\"og:type\" content=\"article\" \/>\n<meta property=\"og:title\" content=\"Delegada de T\u00e1chira dicta charla sobre \u201cDerechos Humanos y Prevenci\u00f3n de la Corrupci\u00f3n\u201d -\" \/>\n<meta property=\"og:description\" content=\"(T\u00e1chira\/12-Dic-24) La Defensor\u00eda Municipal Bol\u00edvar del estado T\u00e1chira dict\u00f3 una charla sobre \u201cDerechos Humanos y la Prevenci\u00f3n de Corrupci\u00f3n\u201d en la conmemoraci\u00f3n al D\u00eda Internacional contra la Corrupci\u00f3n, dirigida a&hellip;\" \/>\n<meta property=\"og:url\" content=\"http:\/\/www.defensoria.gob.ve\/?p=9846\" \/>\n<meta property=\"article:published_time\" content=\"2024-12-12T21:44:47+00:00\" \/>\n<meta property=\"article:modified_time\" content=\"2024-12-12T21:45:19+00:00\" \/>\n<meta property=\"og:image\" content=\"http:\/\/www.defensoria.gob.ve\/wp-content\/uploads\/2024\/12\/Screenshot_3-1.png\" \/>\n\t<meta property=\"og:image:width\" content=\"833\" \/>\n\t<meta property=\"og:image:height\" content=\"593\" \/>\n\t<meta property=\"og:image:type\" content=\"image\/png\" \/>\n<meta name=\"author\" content=\"JC.\" \/>\n<meta name=\"twitter:card\" content=\"summary_large_image\" \/>\n<meta name=\"twitter:label1\" content=\"Escrito por\" \/>\n\t<meta name=\"twitter:data1\" content=\"JC.\" \/>\n\t<meta name=\"twitter:label2\" content=\"Tiempo estimado de lectura\" \/>\n\t<meta name=\"twitter:data2\" content=\"1 minuto\" \/>\n<script type=\"application\/ld+json\" class=\"yoast-schema-graph\">{\"@context\":\"https:\\\/\\\/schema.org\",\"@graph\":[{\"@type\":\"Article\",\"@id\":\"http:\\\/\\\/www.defensoria.gob.ve\\\/?p=9846#article\",\"isPartOf\":{\"@id\":\"http:\\\/\\\/www.defensoria.gob.ve\\\/?p=9846\"},\"author\":{\"name\":\"JC.\",\"@id\":\"http:\\\/\\\/www.defensoria.gob.ve\\\/#\\\/schema\\\/person\\\/fba14293189d7b1933ac7fba9d89e24a\"},\"headline\":\"Delegada de T\u00e1chira dicta charla sobre \u201cDerechos Humanos y Prevenci\u00f3n de la Corrupci\u00f3n\u201d\",\"datePublished\":\"2024-12-12T21:44:47+00:00\",\"dateModified\":\"2024-12-12T21:45:19+00:00\",\"mainEntityOfPage\":{\"@id\":\"http:\\\/\\\/www.defensoria.gob.ve\\\/?p=9846\"},\"wordCount\":145,\"commentCount\":0,\"image\":{\"@id\":\"http:\\\/\\\/www.defensoria.gob.ve\\\/?p=9846#primaryimage\"},\"thumbnailUrl\":\"http:\\\/\\\/www.defensoria.gob.ve\\\/wp-content\\\/uploads\\\/2024\\\/12\\\/Screenshot_3-1.png\",\"articleSection\":[\"REGIONALES\"],\"inLanguage\":\"es\",\"potentialAction\":[{\"@type\":\"CommentAction\",\"name\":\"Comment\",\"target\":[\"http:\\\/\\\/www.defensoria.gob.ve\\\/?p=9846#respond\"]}]},{\"@type\":\"WebPage\",\"@id\":\"http:\\\/\\\/www.defensoria.gob.ve\\\/?p=9846\",\"url\":\"http:\\\/\\\/www.defensoria.gob.ve\\\/?p=9846\",\"name\":\"Delegada de T\u00e1chira dicta charla sobre \u201cDerechos Humanos y Prevenci\u00f3n de la Corrupci\u00f3n\u201d -\",\"isPartOf\":{\"@id\":\"http:\\\/\\\/www.defensoria.gob.ve\\\/#website\"},\"primaryImageOfPage\":{\"@id\":\"http:\\\/\\\/www.defensoria.gob.ve\\\/?p=9846#primaryimage\"},\"image\":{\"@id\":\"http:\\\/\\\/www.defensoria.gob.ve\\\/?p=9846#primaryimage\"},\"thumbnailUrl\":\"http:\\\/\\\/www.defensoria.gob.ve\\\/wp-content\\\/uploads\\\/2024\\\/12\\\/Screenshot_3-1.png\",\"datePublished\":\"2024-12-12T21:44:47+00:00\",\"dateModified\":\"2024-12-12T21:45:19+00:00\",\"author\":{\"@id\":\"http:\\\/\\\/www.defensoria.gob.ve\\\/#\\\/schema\\\/person\\\/fba14293189d7b1933ac7fba9d89e24a\"},\"breadcrumb\":{\"@id\":\"http:\\\/\\\/www.defensoria.gob.ve\\\/?p=9846#breadcrumb\"},\"inLanguage\":\"es\",\"potentialAction\":[{\"@type\":\"ReadAction\",\"target\":[\"http:\\\/\\\/www.defensoria.gob.ve\\\/?p=9846\"]}]},{\"@type\":\"ImageObject\",\"inLanguage\":\"es\",\"@id\":\"http:\\\/\\\/www.defensoria.gob.ve\\\/?p=9846#primaryimage\",\"url\":\"http:\\\/\\\/www.defensoria.gob.ve\\\/wp-content\\\/uploads\\\/2024\\\/12\\\/Screenshot_3-1.png\",\"contentUrl\":\"http:\\\/\\\/www.defensoria.gob.ve\\\/wp-content\\\/uploads\\\/2024\\\/12\\\/Screenshot_3-1.png\",\"width\":833,\"height\":593},{\"@type\":\"BreadcrumbList\",\"@id\":\"http:\\\/\\\/www.defensoria.gob.ve\\\/?p=9846#breadcrumb\",\"itemListElement\":[{\"@type\":\"ListItem\",\"position\":1,\"name\":\"Portada\",\"item\":\"http:\\\/\\\/www.defensoria.gob.ve\\\/\"},{\"@type\":\"ListItem\",\"position\":2,\"name\":\"Delegada de T\u00e1chira dicta charla sobre \u201cDerechos Humanos y Prevenci\u00f3n de la Corrupci\u00f3n\u201d\"}]},{\"@type\":\"WebSite\",\"@id\":\"http:\\\/\\\/www.defensoria.gob.ve\\\/#website\",\"url\":\"http:\\\/\\\/www.defensoria.gob.ve\\\/\",\"name\":\"\",\"description\":\"Instituci\u00f3n del Poder Ciudadano para la Promoci\u00f3n, Defensa y Vigilancia de los Derechos Humanos. \",\"potentialAction\":[{\"@type\":\"SearchAction\",\"target\":{\"@type\":\"EntryPoint\",\"urlTemplate\":\"http:\\\/\\\/www.defensoria.gob.ve\\\/?s={search_term_string}\"},\"query-input\":{\"@type\":\"PropertyValueSpecification\",\"valueRequired\":true,\"valueName\":\"search_term_string\"}}],\"inLanguage\":\"es\"},{\"@type\":\"Person\",\"@id\":\"http:\\\/\\\/www.defensoria.gob.ve\\\/#\\\/schema\\\/person\\\/fba14293189d7b1933ac7fba9d89e24a\",\"name\":\"JC.\",\"image\":{\"@type\":\"ImageObject\",\"inLanguage\":\"es\",\"@id\":\"https:\\\/\\\/secure.gravatar.com\\\/avatar\\\/f398a4de948606b38f0299d90ca738c674b648694bc725ed46503c240269dbf8?s=96&d=mm&r=g\",\"url\":\"https:\\\/\\\/secure.gravatar.com\\\/avatar\\\/f398a4de948606b38f0299d90ca738c674b648694bc725ed46503c240269dbf8?s=96&d=mm&r=g\",\"contentUrl\":\"https:\\\/\\\/secure.gravatar.com\\\/avatar\\\/f398a4de948606b38f0299d90ca738c674b648694bc725ed46503c240269dbf8?s=96&d=mm&r=g\",\"caption\":\"JC.\"},\"url\":\"http:\\\/\\\/www.defensoria.gob.ve\\\/?author=5\"}]}<\/script>\n<!-- \/ Yoast SEO plugin. -->","yoast_head_json":{"title":"Delegada de T\u00e1chira dicta charla sobre \u201cDerechos Humanos y Prevenci\u00f3n de la Corrupci\u00f3n\u201d -","robots":{"index":"index","follow":"follow","max-snippet":"max-snippet:-1","max-image-preview":"max-image-preview:large","max-video-preview":"max-video-preview:-1"},"canonical":"http:\/\/www.defensoria.gob.ve\/?p=9846","og_locale":"es_ES","og_type":"article","og_title":"Delegada de T\u00e1chira dicta charla sobre \u201cDerechos Humanos y Prevenci\u00f3n de la Corrupci\u00f3n\u201d -","og_description":"(T\u00e1chira\/12-Dic-24) La Defensor\u00eda Municipal Bol\u00edvar del estado T\u00e1chira dict\u00f3 una charla sobre \u201cDerechos Humanos y la Prevenci\u00f3n de Corrupci\u00f3n\u201d en la conmemoraci\u00f3n al D\u00eda Internacional contra la Corrupci\u00f3n, dirigida a&hellip;","og_url":"http:\/\/www.defensoria.gob.ve\/?p=9846","article_published_time":"2024-12-12T21:44:47+00:00","article_modified_time":"2024-12-12T21:45:19+00:00","og_image":[{"width":833,"height":593,"url":"http:\/\/www.defensoria.gob.ve\/wp-content\/uploads\/2024\/12\/Screenshot_3-1.png","type":"image\/png"}],"author":"JC.","twitter_card":"summary_large_image","twitter_misc":{"Escrito por":"JC.","Tiempo estimado de lectura":"1 minuto"},"schema":{"@context":"https:\/\/schema.org","@graph":[{"@type":"Article","@id":"http:\/\/www.defensoria.gob.ve\/?p=9846#article","isPartOf":{"@id":"http:\/\/www.defensoria.gob.ve\/?p=9846"},"author":{"name":"JC.","@id":"http:\/\/www.defensoria.gob.ve\/#\/schema\/person\/fba14293189d7b1933ac7fba9d89e24a"},"headline":"Delegada de T\u00e1chira dicta charla sobre \u201cDerechos Humanos y Prevenci\u00f3n de la Corrupci\u00f3n\u201d","datePublished":"2024-12-12T21:44:47+00:00","dateModified":"2024-12-12T21:45:19+00:00","mainEntityOfPage":{"@id":"http:\/\/www.defensoria.gob.ve\/?p=9846"},"wordCount":145,"commentCount":0,"image":{"@id":"http:\/\/www.defensoria.gob.ve\/?p=9846#primaryimage"},"thumbnailUrl":"http:\/\/www.defensoria.gob.ve\/wp-content\/uploads\/2024\/12\/Screenshot_3-1.png","articleSection":["REGIONALES"],"inLanguage":"es","potentialAction":[{"@type":"CommentAction","name":"Comment","target":["http:\/\/www.defensoria.gob.ve\/?p=9846#respond"]}]},{"@type":"WebPage","@id":"http:\/\/www.defensoria.gob.ve\/?p=9846","url":"http:\/\/www.defensoria.gob.ve\/?p=9846","name":"Delegada de T\u00e1chira dicta charla sobre \u201cDerechos Humanos y Prevenci\u00f3n de la Corrupci\u00f3n\u201d -","isPartOf":{"@id":"http:\/\/www.defensoria.gob.ve\/#website"},"primaryImageOfPage":{"@id":"http:\/\/www.defensoria.gob.ve\/?p=9846#primaryimage"},"image":{"@id":"http:\/\/www.defensoria.gob.ve\/?p=9846#primaryimage"},"thumbnailUrl":"http:\/\/www.defensoria.gob.ve\/wp-content\/uploads\/2024\/12\/Screenshot_3-1.png","datePublished":"2024-12-12T21:44:47+00:00","dateModified":"2024-12-12T21:45:19+00:00","author":{"@id":"http:\/\/www.defensoria.gob.ve\/#\/schema\/person\/fba14293189d7b1933ac7fba9d89e24a"},"breadcrumb":{"@id":"http:\/\/www.defensoria.gob.ve\/?p=9846#breadcrumb"},"inLanguage":"es","potentialAction":[{"@type":"ReadAction","target":["http:\/\/www.defensoria.gob.ve\/?p=9846"]}]},{"@type":"ImageObject","inLanguage":"es","@id":"http:\/\/www.defensoria.gob.ve\/?p=9846#primaryimage","url":"http:\/\/www.defensoria.gob.ve\/wp-content\/uploads\/2024\/12\/Screenshot_3-1.png","contentUrl":"http:\/\/www.defensoria.gob.ve\/wp-content\/uploads\/2024\/12\/Screenshot_3-1.png","width":833,"height":593},{"@type":"BreadcrumbList","@id":"http:\/\/www.defensoria.gob.ve\/?p=9846#breadcrumb","itemListElement":[{"@type":"ListItem","position":1,"name":"Portada","item":"http:\/\/www.defensoria.gob.ve\/"},{"@type":"ListItem","position":2,"name":"Delegada de T\u00e1chira dicta charla sobre \u201cDerechos Humanos y Prevenci\u00f3n de la Corrupci\u00f3n\u201d"}]},{"@type":"WebSite","@id":"http:\/\/www.defensoria.gob.ve\/#website","url":"http:\/\/www.defensoria.gob.ve\/","name":"","description":"Instituci\u00f3n del Poder Ciudadano para la Promoci\u00f3n, Defensa y Vigilancia de los Derechos Humanos. ","potentialAction":[{"@type":"SearchAction","target":{"@type":"EntryPoint","urlTemplate":"http:\/\/www.defensoria.gob.ve\/?s={search_term_string}"},"query-input":{"@type":"PropertyValueSpecification","valueRequired":true,"valueName":"search_term_string"}}],"inLanguage":"es"},{"@type":"Person","@id":"http:\/\/www.defensoria.gob.ve\/#\/schema\/person\/fba14293189d7b1933ac7fba9d89e24a","name":"JC.","image":{"@type":"ImageObject","inLanguage":"es","@id":"https:\/\/secure.gravatar.com\/avatar\/f398a4de948606b38f0299d90ca738c674b648694bc725ed46503c240269dbf8?s=96&d=mm&r=g","url":"https:\/\/secure.gravatar.com\/avatar\/f398a4de948606b38f0299d90ca738c674b648694bc725ed46503c240269dbf8?s=96&d=mm&r=g","contentUrl":"https:\/\/secure.gravatar.com\/avatar\/f398a4de948606b38f0299d90ca738c674b648694bc725ed46503c240269dbf8?s=96&d=mm&r=g","caption":"JC."},"url":"http:\/\/www.defensoria.gob.ve\/?author=5"}]}},"_links":{"self":[{"href":"http:\/\/www.defensoria.gob.ve\/index.php?rest_route=\/wp\/v2\/posts\/9846","targetHints":{"allow":["GET"]}}],"collection":[{"href":"http:\/\/www.defensoria.gob.ve\/index.php?rest_route=\/wp\/v2\/posts"}],"about":[{"href":"http:\/\/www.defensoria.gob.ve\/index.php?rest_route=\/wp\/v2\/types\/post"}],"author":[{"embeddable":true,"href":"http:\/\/www.defensoria.gob.ve\/index.php?rest_route=\/wp\/v2\/users\/5"}],"replies":[{"embeddable":true,"href":"http:\/\/www.defensoria.gob.ve\/index.php?rest_route=%2Fwp%2Fv2%2Fcomments&post=9846"}],"version-history":[{"count":4,"href":"http:\/\/www.defensoria.gob.ve\/index.php?rest_route=\/wp\/v2\/posts\/9846\/revisions"}],"predecessor-version":[{"id":9852,"href":"http:\/\/www.defensoria.gob.ve\/index.php?rest_route=\/wp\/v2\/posts\/9846\/revisions\/9852"}],"wp:featuredmedia":[{"embeddable":true,"href":"http:\/\/www.defensoria.gob.ve\/index.php?rest_route=\/wp\/v2\/media\/9848"}],"wp:attachment":[{"href":"http:\/\/www.defensoria.gob.ve\/index.php?rest_route=%2Fwp%2Fv2%2Fmedia&parent=9846"}],"wp:term":[{"taxonomy":"category","embeddable":true,"href":"http:\/\/www.defensoria.gob.ve\/index.php?rest_route=%2Fwp%2Fv2%2Fcategories&post=9846"},{"taxonomy":"post_tag","embeddable":true,"href":"http:\/\/www.defensoria.gob.ve\/index.php?rest_route=%2Fwp%2Fv2%2Ftags&post=9846"}],"curies":[{"name":"wp","href":"https:\/\/api.w.org\/{rel}","templated":true}]}}